{"id":10,"date":"2021-08-01T16:00:00","date_gmt":"2021-08-01T14:00:00","guid":{"rendered":"http:\/\/www.sv-germania99.de\/content\/?p=10"},"modified":"2026-04-30T13:14:37","modified_gmt":"2026-04-30T11:14:37","slug":"aktuelles","status":"publish","type":"post","link":"https:\/\/www.sv-germania99.de\/content\/aktuelles\/","title":{"rendered":"Wir sind die Germanen im Burgenland!"},"content":{"rendered":"\n<figure class=\"wp-block-image size-large\"><img data-recalc-dims=\"1\" loading=\"lazy\" decoding=\"async\" width=\"780\" height=\"398\" data-attachment-id=\"3796\" data-permalink=\"https:\/\/www.sv-germania99.de\/content\/1-mannschaft-2\/\" data-orig-file=\"https:\/\/i0.wp.com\/www.sv-germania99.de\/content\/wp-content\/uploads\/2024\/07\/1.-Mannschaft.jpg?fit=1600%2C816&amp;ssl=1\" data-orig-size=\"1600,816\" data-comments-opened=\"0\" data-image-meta=\"{&quot;aperture&quot;:&quot;0&quot;,&quot;credit&quot;:&quot;&quot;,&quot;camera&quot;:&quot;&quot;,&quot;caption&quot;:&quot;&quot;,&quot;created_timestamp&quot;:&quot;0&quot;,&quot;copyright&quot;:&quot;&quot;,&quot;focal_length&quot;:&quot;0&quot;,&quot;iso&quot;:&quot;0&quot;,&quot;shutter_speed&quot;:&quot;0&quot;,&quot;title&quot;:&quot;&quot;,&quot;orientation&quot;:&quot;0&quot;}\" data-image-title=\"1. Mannschaft\" data-image-description=\"\" data-image-caption=\"\" data-large-file=\"https:\/\/i0.wp.com\/www.sv-germania99.de\/content\/wp-content\/uploads\/2024\/07\/1.-Mannschaft.jpg?fit=780%2C398&amp;ssl=1\" src=\"https:\/\/i0.wp.com\/www.sv-germania99.de\/content\/wp-content\/uploads\/2024\/07\/1.-Mannschaft.jpg?resize=780%2C398&#038;ssl=1\" alt=\"\" class=\"wp-image-3796\" srcset=\"https:\/\/i0.wp.com\/www.sv-germania99.de\/content\/wp-content\/uploads\/2024\/07\/1.-Mannschaft.jpg?resize=1024%2C522&amp;ssl=1 1024w, https:\/\/i0.wp.com\/www.sv-germania99.de\/content\/wp-content\/uploads\/2024\/07\/1.-Mannschaft.jpg?resize=300%2C153&amp;ssl=1 300w, https:\/\/i0.wp.com\/www.sv-germania99.de\/content\/wp-content\/uploads\/2024\/07\/1.-Mannschaft.jpg?resize=768%2C392&amp;ssl=1 768w, https:\/\/i0.wp.com\/www.sv-germania99.de\/content\/wp-content\/uploads\/2024\/07\/1.-Mannschaft.jpg?resize=1536%2C783&amp;ssl=1 1536w, https:\/\/i0.wp.com\/www.sv-germania99.de\/content\/wp-content\/uploads\/2024\/07\/1.-Mannschaft.jpg?resize=150%2C77&amp;ssl=1 150w, https:\/\/i0.wp.com\/www.sv-germania99.de\/content\/wp-content\/uploads\/2024\/07\/1.-Mannschaft.jpg?w=1600&amp;ssl=1 1600w\" sizes=\"auto, (max-width: 780px) 100vw, 780px\" \/><\/figure>\n\n\n\n<figure class=\"wp-block-table is-style-stripes\"><table><tbody><tr><td>Seit der Gr\u00fcndung unseres Vereins im Jahre 1999 steht unser Verein f\u00fcr <strong>Teamgeist<\/strong>, <strong>Zusammenhalt <\/strong>und <strong>sportlichen <\/strong>Erfolg. Kommt zu uns und verst\u00e4rkt unsere Mannschaften.<\/td><\/tr><\/tbody><\/table><\/figure>\n\n\n\n<figure class=\"wp-block-gallery has-nested-images columns-default is-cropped wp-block-gallery-1 is-layout-flex wp-block-gallery-is-layout-flex\">\n<figure class=\"wp-block-image size-large\"><img data-recalc-dims=\"1\" loading=\"lazy\" decoding=\"async\" width=\"780\" height=\"585\" data-attachment-id=\"3798\" data-permalink=\"https:\/\/www.sv-germania99.de\/content\/d-jugend\/\" data-orig-file=\"https:\/\/i0.wp.com\/www.sv-germania99.de\/content\/wp-content\/uploads\/2024\/07\/D-Jugend.jpg?fit=1600%2C1200&amp;ssl=1\" data-orig-size=\"1600,1200\" data-comments-opened=\"0\" data-image-meta=\"{&quot;aperture&quot;:&quot;0&quot;,&quot;credit&quot;:&quot;&quot;,&quot;camera&quot;:&quot;&quot;,&quot;caption&quot;:&quot;&quot;,&quot;created_timestamp&quot;:&quot;0&quot;,&quot;copyright&quot;:&quot;&quot;,&quot;focal_length&quot;:&quot;0&quot;,&quot;iso&quot;:&quot;0&quot;,&quot;shutter_speed&quot;:&quot;0&quot;,&quot;title&quot;:&quot;&quot;,&quot;orientation&quot;:&quot;0&quot;}\" data-image-title=\"D-Jugend\" data-image-description=\"\" data-image-caption=\"\" data-large-file=\"https:\/\/i0.wp.com\/www.sv-germania99.de\/content\/wp-content\/uploads\/2024\/07\/D-Jugend.jpg?fit=780%2C585&amp;ssl=1\" data-id=\"3798\" src=\"https:\/\/i0.wp.com\/www.sv-germania99.de\/content\/wp-content\/uploads\/2024\/07\/D-Jugend.jpg?resize=780%2C585&#038;ssl=1\" alt=\"\" class=\"wp-image-3798\" srcset=\"https:\/\/i0.wp.com\/www.sv-germania99.de\/content\/wp-content\/uploads\/2024\/07\/D-Jugend.jpg?resize=1024%2C768&amp;ssl=1 1024w, https:\/\/i0.wp.com\/www.sv-germania99.de\/content\/wp-content\/uploads\/2024\/07\/D-Jugend.jpg?resize=300%2C225&amp;ssl=1 300w, https:\/\/i0.wp.com\/www.sv-germania99.de\/content\/wp-content\/uploads\/2024\/07\/D-Jugend.jpg?resize=768%2C576&amp;ssl=1 768w, https:\/\/i0.wp.com\/www.sv-germania99.de\/content\/wp-content\/uploads\/2024\/07\/D-Jugend.jpg?resize=1536%2C1152&amp;ssl=1 1536w, https:\/\/i0.wp.com\/www.sv-germania99.de\/content\/wp-content\/uploads\/2024\/07\/D-Jugend.jpg?resize=150%2C113&amp;ssl=1 150w, https:\/\/i0.wp.com\/www.sv-germania99.de\/content\/wp-content\/uploads\/2024\/07\/D-Jugend.jpg?w=1600&amp;ssl=1 1600w\" sizes=\"auto, (max-width: 780px) 100vw, 780px\" \/><\/figure>\n\n\n\n<figure class=\"wp-block-image size-large\"><img data-recalc-dims=\"1\" loading=\"lazy\" decoding=\"async\" width=\"780\" height=\"585\" data-attachment-id=\"3797\" data-permalink=\"https:\/\/www.sv-germania99.de\/content\/alte-herren-3\/\" data-orig-file=\"https:\/\/i0.wp.com\/www.sv-germania99.de\/content\/wp-content\/uploads\/2024\/07\/Alte-Herren.jpg?fit=1600%2C1200&amp;ssl=1\" data-orig-size=\"1600,1200\" data-comments-opened=\"0\" data-image-meta=\"{&quot;aperture&quot;:&quot;0&quot;,&quot;credit&quot;:&quot;&quot;,&quot;camera&quot;:&quot;&quot;,&quot;caption&quot;:&quot;&quot;,&quot;created_timestamp&quot;:&quot;0&quot;,&quot;copyright&quot;:&quot;&quot;,&quot;focal_length&quot;:&quot;0&quot;,&quot;iso&quot;:&quot;0&quot;,&quot;shutter_speed&quot;:&quot;0&quot;,&quot;title&quot;:&quot;&quot;,&quot;orientation&quot;:&quot;0&quot;}\" data-image-title=\"Alte Herren\" data-image-description=\"\" data-image-caption=\"\" data-large-file=\"https:\/\/i0.wp.com\/www.sv-germania99.de\/content\/wp-content\/uploads\/2024\/07\/Alte-Herren.jpg?fit=780%2C585&amp;ssl=1\" data-id=\"3797\" src=\"https:\/\/i0.wp.com\/www.sv-germania99.de\/content\/wp-content\/uploads\/2024\/07\/Alte-Herren.jpg?resize=780%2C585&#038;ssl=1\" alt=\"\" class=\"wp-image-3797\" srcset=\"https:\/\/i0.wp.com\/www.sv-germania99.de\/content\/wp-content\/uploads\/2024\/07\/Alte-Herren.jpg?resize=1024%2C768&amp;ssl=1 1024w, https:\/\/i0.wp.com\/www.sv-germania99.de\/content\/wp-content\/uploads\/2024\/07\/Alte-Herren.jpg?resize=300%2C225&amp;ssl=1 300w, https:\/\/i0.wp.com\/www.sv-germania99.de\/content\/wp-content\/uploads\/2024\/07\/Alte-Herren.jpg?resize=768%2C576&amp;ssl=1 768w, https:\/\/i0.wp.com\/www.sv-germania99.de\/content\/wp-content\/uploads\/2024\/07\/Alte-Herren.jpg?resize=1536%2C1152&amp;ssl=1 1536w, https:\/\/i0.wp.com\/www.sv-germania99.de\/content\/wp-content\/uploads\/2024\/07\/Alte-Herren.jpg?resize=150%2C113&amp;ssl=1 150w, https:\/\/i0.wp.com\/www.sv-germania99.de\/content\/wp-content\/uploads\/2024\/07\/Alte-Herren.jpg?w=1600&amp;ssl=1 1600w\" sizes=\"auto, (max-width: 780px) 100vw, 780px\" \/><\/figure>\n\n\n\n<figure class=\"wp-block-image size-large\"><img data-recalc-dims=\"1\" loading=\"lazy\" decoding=\"async\" width=\"780\" height=\"585\" data-attachment-id=\"3741\" data-permalink=\"https:\/\/www.sv-germania99.de\/content\/?attachment_id=3741\" data-orig-file=\"https:\/\/i0.wp.com\/www.sv-germania99.de\/content\/wp-content\/uploads\/2023\/03\/MYGB4295.jpg?fit=1600%2C1200&amp;ssl=1\" data-orig-size=\"1600,1200\" data-comments-opened=\"0\" data-image-meta=\"{&quot;aperture&quot;:&quot;0&quot;,&quot;credit&quot;:&quot;&quot;,&quot;camera&quot;:&quot;&quot;,&quot;caption&quot;:&quot;&quot;,&quot;created_timestamp&quot;:&quot;0&quot;,&quot;copyright&quot;:&quot;&quot;,&quot;focal_length&quot;:&quot;0&quot;,&quot;iso&quot;:&quot;0&quot;,&quot;shutter_speed&quot;:&quot;0&quot;,&quot;title&quot;:&quot;&quot;,&quot;orientation&quot;:&quot;0&quot;}\" data-image-title=\"MYGB4295\" data-image-description=\"\" data-image-caption=\"\" data-large-file=\"https:\/\/i0.wp.com\/www.sv-germania99.de\/content\/wp-content\/uploads\/2023\/03\/MYGB4295.jpg?fit=780%2C585&amp;ssl=1\" data-id=\"3741\" src=\"https:\/\/i0.wp.com\/www.sv-germania99.de\/content\/wp-content\/uploads\/2023\/03\/MYGB4295.jpg?resize=780%2C585&#038;ssl=1\" alt=\"\" class=\"wp-image-3741\" srcset=\"https:\/\/i0.wp.com\/www.sv-germania99.de\/content\/wp-content\/uploads\/2023\/03\/MYGB4295.jpg?resize=1024%2C768&amp;ssl=1 1024w, https:\/\/i0.wp.com\/www.sv-germania99.de\/content\/wp-content\/uploads\/2023\/03\/MYGB4295.jpg?resize=300%2C225&amp;ssl=1 300w, https:\/\/i0.wp.com\/www.sv-germania99.de\/content\/wp-content\/uploads\/2023\/03\/MYGB4295.jpg?resize=768%2C576&amp;ssl=1 768w, https:\/\/i0.wp.com\/www.sv-germania99.de\/content\/wp-content\/uploads\/2023\/03\/MYGB4295.jpg?resize=1536%2C1152&amp;ssl=1 1536w, https:\/\/i0.wp.com\/www.sv-germania99.de\/content\/wp-content\/uploads\/2023\/03\/MYGB4295.jpg?resize=150%2C113&amp;ssl=1 150w, https:\/\/i0.wp.com\/www.sv-germania99.de\/content\/wp-content\/uploads\/2023\/03\/MYGB4295.jpg?w=1600&amp;ssl=1 1600w\" sizes=\"auto, (max-width: 780px) 100vw, 780px\" \/><\/figure>\n\n\n\n<figure class=\"wp-block-image size-large\"><img data-recalc-dims=\"1\" loading=\"lazy\" decoding=\"async\" width=\"780\" height=\"585\" data-attachment-id=\"3740\" data-permalink=\"https:\/\/www.sv-germania99.de\/content\/?attachment_id=3740\" data-orig-file=\"https:\/\/i0.wp.com\/www.sv-germania99.de\/content\/wp-content\/uploads\/2023\/03\/LTAO1896.jpg?fit=1600%2C1200&amp;ssl=1\" data-orig-size=\"1600,1200\" data-comments-opened=\"0\" data-image-meta=\"{&quot;aperture&quot;:&quot;0&quot;,&quot;credit&quot;:&quot;&quot;,&quot;camera&quot;:&quot;&quot;,&quot;caption&quot;:&quot;&quot;,&quot;created_timestamp&quot;:&quot;0&quot;,&quot;copyright&quot;:&quot;&quot;,&quot;focal_length&quot;:&quot;0&quot;,&quot;iso&quot;:&quot;0&quot;,&quot;shutter_speed&quot;:&quot;0&quot;,&quot;title&quot;:&quot;&quot;,&quot;orientation&quot;:&quot;0&quot;}\" data-image-title=\"LTAO1896\" data-image-description=\"\" data-image-caption=\"\" data-large-file=\"https:\/\/i0.wp.com\/www.sv-germania99.de\/content\/wp-content\/uploads\/2023\/03\/LTAO1896.jpg?fit=780%2C585&amp;ssl=1\" data-id=\"3740\" src=\"https:\/\/i0.wp.com\/www.sv-germania99.de\/content\/wp-content\/uploads\/2023\/03\/LTAO1896.jpg?resize=780%2C585&#038;ssl=1\" alt=\"\" class=\"wp-image-3740\" srcset=\"https:\/\/i0.wp.com\/www.sv-germania99.de\/content\/wp-content\/uploads\/2023\/03\/LTAO1896.jpg?resize=1024%2C768&amp;ssl=1 1024w, https:\/\/i0.wp.com\/www.sv-germania99.de\/content\/wp-content\/uploads\/2023\/03\/LTAO1896.jpg?resize=300%2C225&amp;ssl=1 300w, https:\/\/i0.wp.com\/www.sv-germania99.de\/content\/wp-content\/uploads\/2023\/03\/LTAO1896.jpg?resize=768%2C576&amp;ssl=1 768w, https:\/\/i0.wp.com\/www.sv-germania99.de\/content\/wp-content\/uploads\/2023\/03\/LTAO1896.jpg?resize=1536%2C1152&amp;ssl=1 1536w, https:\/\/i0.wp.com\/www.sv-germania99.de\/content\/wp-content\/uploads\/2023\/03\/LTAO1896.jpg?resize=150%2C113&amp;ssl=1 150w, https:\/\/i0.wp.com\/www.sv-germania99.de\/content\/wp-content\/uploads\/2023\/03\/LTAO1896.jpg?w=1600&amp;ssl=1 1600w\" sizes=\"auto, (max-width: 780px) 100vw, 780px\" \/><\/figure>\n<\/figure>\n\n\n\n<figure class=\"wp-block-table is-style-stripes\"><table><tbody><tr><td>Training der M\u00e4nner<\/td><td>Dienstag \/ Donnerstag<\/td><td>19:00 Uhr &#8211; 21:00 Uhr<\/td><td>Uwe Winkler<\/td><td>Telefon:<\/td><td>0152 &#8211; 227 967 33<\/td><\/tr><tr><td>Training Alte Herren<\/td><td>Mittwoch<\/td><td>19:00 Uhr &#8211; 21:00 Uhr<\/td><td>Michael Heinrich<\/td><td>Telefon:<\/td><td>0176 &#8211; 638 568 48<\/td><\/tr><tr><td>Training der Jugend<\/td><td>Montag-Donnerstag<\/td><td>16:30 Uhr &#8211; 17:30 Uhr<\/td><td>Thomas Lewandowski<\/td><td>Telefon:<\/td><td>0152 &#8211; 019 006 51<\/td><\/tr><\/tbody><\/table><\/figure>\n","protected":false},"excerpt":{"rendered":"<p>Seit der Gr\u00fcndung unseres Vereins im Jahre 1999 steht unser Verein f\u00fcr Teamgeist, Zusammenhalt und sportlichen Erfolg. Kommt zu uns und verst\u00e4rkt unsere Mannschaften. Training der M\u00e4nner Dienstag \/ Donnerstag 19:00 Uhr &#8211; 21:00 Uhr Uwe Winkler Telefon: 0152 &#8211; 227 967 33 Training Alte Herren Mittwoch 19:00 Uhr &#8211;&#8230;<\/p>\n<p> <a class=\"continue-reading-link\" href=\"https:\/\/www.sv-germania99.de\/content\/aktuelles\/\"><span>weiter lesen&#8230;?<\/span><i class=\"crycon-right-dir\"><\/i><\/a> <\/p>\n","protected":false},"author":1,"featured_media":0,"comment_status":"closed","ping_status":"closed","sticky":true,"template":"","format":"standard","meta":{"_jetpack_memberships_contains_paid_content":false,"footnotes":""},"categories":[3],"tags":[],"class_list":["post-10","post","type-post","status-publish","format-standard","hentry","category-aktuelles"],"jetpack_featured_media_url":"","jetpack_sharing_enabled":true,"_links":{"self":[{"href":"https:\/\/www.sv-germania99.de\/content\/wp-json\/wp\/v2\/posts\/10","targetHints":{"allow":["GET"]}}],"collection":[{"href":"https:\/\/www.sv-germania99.de\/content\/wp-json\/wp\/v2\/posts"}],"about":[{"href":"https:\/\/www.sv-germania99.de\/content\/wp-json\/wp\/v2\/types\/post"}],"author":[{"embeddable":true,"href":"https:\/\/www.sv-germania99.de\/content\/wp-json\/wp\/v2\/users\/1"}],"replies":[{"embeddable":true,"href":"https:\/\/www.sv-germania99.de\/content\/wp-json\/wp\/v2\/comments?post=10"}],"version-history":[{"count":193,"href":"https:\/\/www.sv-germania99.de\/content\/wp-json\/wp\/v2\/posts\/10\/revisions"}],"predecessor-version":[{"id":3934,"href":"https:\/\/www.sv-germania99.de\/content\/wp-json\/wp\/v2\/posts\/10\/revisions\/3934"}],"wp:attachment":[{"href":"https:\/\/www.sv-germania99.de\/content\/wp-json\/wp\/v2\/media?parent=10"}],"wp:term":[{"taxonomy":"category","embeddable":true,"href":"https:\/\/www.sv-germania99.de\/content\/wp-json\/wp\/v2\/categories?post=10"},{"taxonomy":"post_tag","embeddable":true,"href":"https:\/\/www.sv-germania99.de\/content\/wp-json\/wp\/v2\/tags?post=10"}],"curies":[{"name":"wp","href":"https:\/\/api.w.org\/{rel}","templated":true}]}}